{"id":10169,"date":"2019-09-16T08:24:56","date_gmt":"2019-09-16T07:24:56","guid":{"rendered":"http:\/\/esperancerando.fr\/?p=10169"},"modified":"2019-09-21T09:21:45","modified_gmt":"2019-09-21T08:21:45","slug":"10169","status":"publish","type":"post","link":"https:\/\/esperancerando.fr\/?p=10169","title":{"rendered":"Bernard BARAT"},"content":{"rendered":"<p>Je tiens \u00e0 remercier Val\u00e9rie, Evelyne, Jacques et Jean Michel pour la randonn\u00e9e du 15 septembre 2019, \u00e0 MONDEMENT, remarquablement et parfaitement organis\u00e9e.<\/p>\n<p>Parcours de randonn\u00e9e facile et sympathique dans les Marais de Saint-Gond et le circuit des rainettes.<\/p>\n<p>J&rsquo;invite toutes les personnes qui ne connaissent pas ce Monument National de la Victoire de la Marne \u00e0 MONDEMENT-MONGIVROUX, de s&rsquo;y rendre car il est impressionnant par sa hauteur, soit 35,5 m\u00e8tres, mais aussi par son histoire et les fresques des g\u00e9n\u00e9raux sculpt\u00e9es sur la base du m\u00e9galithe, sans oublier les inscriptions grav\u00e9es au dessus de la fresque dont une sign\u00e9e par Joffre et qui rappelle au combien ces valeureux soldats \u00e9taient courageux et que gr\u00e2ce \u00e0 eux, nous sommes libres aujourd&rsquo;hui.<\/p>\n<p>L&rsquo;\u00e9glise et le cimeti\u00e8re proches du monument rappellent \u00e9galement que de nombreux hommes ont donn\u00e9 leur vie pour \u00eatre ce que nous sommes aujourd&rsquo;hui.<\/p>\n<p>Il y a \u00e9galement un mus\u00e9e que nous n&rsquo;avons pas eu le temps de visiter mais j&rsquo;y retournerai.<\/p>\n<p>Merci<\/p>\n<p>Bernard<\/p>\n<p>&nbsp;<\/p>\n","protected":false},"excerpt":{"rendered":"<p>Je tiens \u00e0 remercier Val\u00e9rie, Evelyne, Jacques et Jean Michel pour la randonn\u00e9e du 15 septembre 2019, \u00e0 MONDEMENT, remarquablement et parfaitement organis\u00e9e. Parcours de randonn\u00e9e facile et sympathique dans les Marais de Saint-Gond et le circuit des rainettes. J&rsquo;invite toutes les personnes qui ne connaissent pas ce Monument National de la Victoire de la [&hellip;]<\/p>\n","protected":false},"author":1,"featured_media":0,"comment_status":"closed","ping_status":"open","sticky":false,"template":"","format":"standard","meta":{"footnotes":""},"categories":[7],"tags":[],"class_list":["post-10169","post","type-post","status-publish","format-standard","hentry","category-livre-dor"],"_links":{"self":[{"href":"https:\/\/esperancerando.fr\/index.php?rest_route=\/wp\/v2\/posts\/10169"}],"collection":[{"href":"https:\/\/esperancerando.fr\/index.php?rest_route=\/wp\/v2\/posts"}],"about":[{"href":"https:\/\/esperancerando.fr\/index.php?rest_route=\/wp\/v2\/types\/post"}],"author":[{"embeddable":true,"href":"https:\/\/esperancerando.fr\/index.php?rest_route=\/wp\/v2\/users\/1"}],"replies":[{"embeddable":true,"href":"https:\/\/esperancerando.fr\/index.php?rest_route=%2Fwp%2Fv2%2Fcomments&post=10169"}],"version-history":[{"count":7,"href":"https:\/\/esperancerando.fr\/index.php?rest_route=\/wp\/v2\/posts\/10169\/revisions"}],"predecessor-version":[{"id":10209,"href":"https:\/\/esperancerando.fr\/index.php?rest_route=\/wp\/v2\/posts\/10169\/revisions\/10209"}],"wp:attachment":[{"href":"https:\/\/esperancerando.fr\/index.php?rest_route=%2Fwp%2Fv2%2Fmedia&parent=10169"}],"wp:term":[{"taxonomy":"category","embeddable":true,"href":"https:\/\/esperancerando.fr\/index.php?rest_route=%2Fwp%2Fv2%2Fcategories&post=10169"},{"taxonomy":"post_tag","embeddable":true,"href":"https:\/\/esperancerando.fr\/index.php?rest_route=%2Fwp%2Fv2%2Ftags&post=10169"}],"curies":[{"name":"wp","href":"https:\/\/api.w.org\/{rel}","templated":true}]}}