{"id":12094,"date":"2020-04-12T15:59:49","date_gmt":"2020-04-12T14:59:49","guid":{"rendered":"http:\/\/esperancerando.fr\/?p=12094"},"modified":"2020-10-05T19:47:17","modified_gmt":"2020-10-05T18:47:17","slug":"message-de-edwige-et-daniel-roze","status":"publish","type":"post","link":"https:\/\/esperancerando.fr\/?p=12094","title":{"rendered":"Message de Edwige et Daniel ROZE"},"content":{"rendered":"<div><\/div>\n<div><\/div>\n<div>Bonjour \u00e0 tous les randonneurs,<\/div>\n<div><\/div>\n<div><b>Vous \u00eates Toutes et Tous formidables !!!\u00a0 \u00a0<\/b><\/div>\n<div>C&rsquo;est avec une grande \u00e9motion, que nous venons,\u00a0 Daniel, David et Moi-M\u00eame, vous remercier pour tout ce que vous avez fait pour aider le CHU de REIMS.<\/div>\n<div><\/div>\n<div>Comme des petits soldats, sans vous posez de questions, vous avez fonc\u00e9. Ce qui n&rsquo;\u00e9tait pas \u00e9vident avec le confinement.<\/div>\n<div><\/div>\n<div>Merci Bernard, de m&rsquo;avoir aid\u00e9e \u00e0 transmettre tous les messages. Je sais que c&rsquo;est \u00e9norme, tu ne peux savoir, il n&rsquo;y a pas de mot&#8230;tout est dans mon coeur.<\/div>\n<div><\/div>\n<div>Merci \u00e0\u00a0\u00a0Toutes\u00a0et\u00a0Tous,<\/div>\n<div>D&rsquo;avoir \u00e9t\u00e9 pr\u00e9sents pour aider le CHU, si il n&rsquo;y avait pas ce confinement, je vous serrerais tous dans mes bras.. .<\/div>\n<div><\/div>\n<div>Merci Brigitte, Martine,\u00a0Guy,\u00a0de m&rsquo;avoir aid\u00e9e pour les collectes..Que d&rsquo;\u00e9motions partag\u00e9es&#8230;Je vous ai fait courir.<\/div>\n<div><\/div>\n<div>Merci, Merci, Merci, et encore Merci, Prenez bien soin de vous.<\/div>\n<div><\/div>\n<div>Nous nous souviendrons de ce moment \u00e0 jamais, ainsi que nos enfants, petits-enfants, arri\u00e8res-petits-enfants, c&rsquo;est\u00a0une partie de notre histoire que vit la France avec ce COVID19.<\/div>\n<div><\/div>\n<div>Mme Catherine Diallo du CHU de Reims se joint \u00e0 nous pour vous remercier de votre solidarit\u00e9.<\/div>\n<div><\/div>\n<div>Amicalement.<\/div>\n<div>Daniel, Edwige et leur Fils David<\/div>\n<div><\/div>\n<div><\/div>\n<div><\/div>\n<div><\/div>\n","protected":false},"excerpt":{"rendered":"<p>Bonjour \u00e0 tous les randonneurs, Vous \u00eates Toutes et Tous formidables !!!\u00a0 \u00a0 C&rsquo;est avec une grande \u00e9motion, que nous venons,\u00a0 Daniel, David et Moi-M\u00eame, vous remercier pour tout ce que vous avez fait pour aider le CHU de REIMS. Comme des petits soldats, sans vous posez de questions, vous avez fonc\u00e9. Ce qui n&rsquo;\u00e9tait [&hellip;]<\/p>\n","protected":false},"author":1,"featured_media":0,"comment_status":"closed","ping_status":"open","sticky":false,"template":"","format":"standard","meta":{"footnotes":""},"categories":[7],"tags":[],"class_list":["post-12094","post","type-post","status-publish","format-standard","hentry","category-livre-dor"],"_links":{"self":[{"href":"https:\/\/esperancerando.fr\/index.php?rest_route=\/wp\/v2\/posts\/12094"}],"collection":[{"href":"https:\/\/esperancerando.fr\/index.php?rest_route=\/wp\/v2\/posts"}],"about":[{"href":"https:\/\/esperancerando.fr\/index.php?rest_route=\/wp\/v2\/types\/post"}],"author":[{"embeddable":true,"href":"https:\/\/esperancerando.fr\/index.php?rest_route=\/wp\/v2\/users\/1"}],"replies":[{"embeddable":true,"href":"https:\/\/esperancerando.fr\/index.php?rest_route=%2Fwp%2Fv2%2Fcomments&post=12094"}],"version-history":[{"count":3,"href":"https:\/\/esperancerando.fr\/index.php?rest_route=\/wp\/v2\/posts\/12094\/revisions"}],"predecessor-version":[{"id":12815,"href":"https:\/\/esperancerando.fr\/index.php?rest_route=\/wp\/v2\/posts\/12094\/revisions\/12815"}],"wp:attachment":[{"href":"https:\/\/esperancerando.fr\/index.php?rest_route=%2Fwp%2Fv2%2Fmedia&parent=12094"}],"wp:term":[{"taxonomy":"category","embeddable":true,"href":"https:\/\/esperancerando.fr\/index.php?rest_route=%2Fwp%2Fv2%2Fcategories&post=12094"},{"taxonomy":"post_tag","embeddable":true,"href":"https:\/\/esperancerando.fr\/index.php?rest_route=%2Fwp%2Fv2%2Ftags&post=12094"}],"curies":[{"name":"wp","href":"https:\/\/api.w.org\/{rel}","templated":true}]}}