{"id":25773,"date":"2026-02-11T14:11:23","date_gmt":"2026-02-11T13:11:23","guid":{"rendered":"https:\/\/esperancerando.fr\/?p=25773"},"modified":"2026-04-11T07:27:51","modified_gmt":"2026-04-11T06:27:51","slug":"randos-mai-2026","status":"publish","type":"post","link":"https:\/\/esperancerando.fr\/?p=25773","title":{"rendered":"Randos MAI 2026"},"content":{"rendered":"<ul>\n<li><span style=\"color: #000000;\"><strong>Dimanche 3 =&gt; <span style=\"color: #0000ff;\">DIENVILLE<\/span> (RDVs Place de la Halle Nogent ou Port de Dienville &#8211; <span style=\"color: #0000ff;\">Avec Pique-Nique<\/span>)<\/strong><\/span><\/li>\n<li><span style=\"color: #000000;\"><strong>Jeudi 7 =&gt; <span style=\"color: #0000ff;\">ANGLURE<\/span> (RDVs Place de la Halle Nogent ou stade, \u00e0 l&rsquo;entr\u00e9e du village) <span style=\"color: #ff0000;\"><em>Identique pour la<\/em><em> Rando Douce<\/em><\/span><\/strong><\/span><\/li>\n<li><span style=\"color: #000000;\"><strong>Dimanche 10 =&gt; <span style=\"color: #0000ff;\">VILLENAUXE-LA-GRANDE<\/span> (RDVs Place de la Halle Nogent ou Eglise de Dival)<\/strong><\/span><\/li>\n<li><span style=\"color: #000000;\"><strong>Jeudi 14 =&gt; <span style=\"color: #0000ff;\">ASCENSION NOGENT<\/span> (Rando ROTARY &#8211; RDV <span style=\"color: #0000ff;\">9h<\/span> Place des Petits Pr\u00e9s \u00e0 Nogent &#8211; Venez Nombreux) <span style=\"color: #ff0000;\"><em>Identique pour la<\/em><em> Rando Douce<\/em><\/span><\/strong><\/span><\/li>\n<li><span style=\"color: #000000;\"><strong>Dimanche 17 =&gt; <span style=\"color: #0000ff;\">LA LOUPIERE-THENARD<\/span> (RDVs Place de la Halle Nogent ou Salle des F\u00eates du Village &#8211; Organisation UCTL Union Cyclotouriste Tra\u00eenel La Loupti\u00e8re)<\/strong><\/span><\/li>\n<li><strong><span style=\"color: #000000;\">Jeudi 21 =&gt; <span style=\"color: #0000ff;\">BOUY-SUR-ORVIN<\/span> (RDVs Place de la Halle Nogent ou Eglise du Village &#8211; Guides Christine et Jacques) <span style=\"color: #ff0000;\"><em>Identique pour la<\/em><em> Rando Douce<\/em><\/span><\/span><\/strong><\/li>\n<li><span style=\"color: #000000;\"><strong>Dimanche 24 =&gt; <span style=\"color: #0000ff;\">PENTEC\u00d4TE <span style=\"color: #000000;\">(REPOS)<\/span><\/span><\/strong><\/span><\/li>\n<li><span style=\"color: #000000;\"><strong>Jeudi 28 =&gt; <span style=\"color: #0000ff;\">JAULNES<\/span> (RDVs Place de la Halle Nogent ou Eglise du Village &#8211; Guide Didier) <span style=\"color: #ff0000;\"><em>Identique pour la<\/em><em> Rando Douce<\/em><\/span><\/strong><\/span><\/li>\n<li><strong><span style=\"color: #000000;\">Samedi 30 =&gt; <span style=\"color: #ff0000;\">LIBRE &#8211; Payant<\/span> &#8211; Marche D\u00eenatoire et Gourmande ASMBF Amis Seine et Marnais Burkina Faso &#8211; D\u00e9parts 16h30 \u00e0 17h30 Ferme de Val\u00e9rie et Jean-Pol Chevron 26 Rue Grande 77560 <span style=\"color: #0000ff;\">Augers-en-Brie<\/span> &#8211; Affiche ===&gt; <\/span><span style=\"color: #0000ff;\"><a style=\"color: #0000ff;\" href=\"https:\/\/esperancerando.fr\/wp-content\/uploads\/2026\/02\/Inscription-Marche-Dinatoire-et-Gourmande-ASMBF-30-Mai-2026.pdf\">Inscription Marche D\u00eenatoire et Gourmande ASMBF 30 Mai 2026<\/a><\/span><\/strong><\/li>\n<li><span style=\"color: #000000;\"><strong>Dimanche 31 =&gt; <span style=\"color: #0000ff;\">VILLADIN<\/span> (RDVs Place de la Halle Nogent ou Eglise du Village)<\/strong><\/span><\/li>\n<\/ul>\n","protected":false},"excerpt":{"rendered":"<p>Dimanche 3 =&gt; DIENVILLE (RDVs Place de la Halle Nogent ou Port de Dienville &#8211; Avec Pique-Nique) Jeudi 7 =&gt; ANGLURE (RDVs Place de la Halle Nogent ou stade, \u00e0 l&rsquo;entr\u00e9e du village) Identique pour la Rando Douce Dimanche 10 =&gt; VILLENAUXE-LA-GRANDE (RDVs Place de la Halle Nogent ou Eglise de Dival) Jeudi 14 =&gt; [&hellip;]<\/p>\n","protected":false},"author":1,"featured_media":0,"comment_status":"closed","ping_status":"open","sticky":false,"template":"","format":"standard","meta":{"footnotes":""},"categories":[5],"tags":[],"class_list":["post-25773","post","type-post","status-publish","format-standard","hentry","category-sorties"],"_links":{"self":[{"href":"https:\/\/esperancerando.fr\/index.php?rest_route=\/wp\/v2\/posts\/25773"}],"collection":[{"href":"https:\/\/esperancerando.fr\/index.php?rest_route=\/wp\/v2\/posts"}],"about":[{"href":"https:\/\/esperancerando.fr\/index.php?rest_route=\/wp\/v2\/types\/post"}],"author":[{"embeddable":true,"href":"https:\/\/esperancerando.fr\/index.php?rest_route=\/wp\/v2\/users\/1"}],"replies":[{"embeddable":true,"href":"https:\/\/esperancerando.fr\/index.php?rest_route=%2Fwp%2Fv2%2Fcomments&post=25773"}],"version-history":[{"count":17,"href":"https:\/\/esperancerando.fr\/index.php?rest_route=\/wp\/v2\/posts\/25773\/revisions"}],"predecessor-version":[{"id":26036,"href":"https:\/\/esperancerando.fr\/index.php?rest_route=\/wp\/v2\/posts\/25773\/revisions\/26036"}],"wp:attachment":[{"href":"https:\/\/esperancerando.fr\/index.php?rest_route=%2Fwp%2Fv2%2Fmedia&parent=25773"}],"wp:term":[{"taxonomy":"category","embeddable":true,"href":"https:\/\/esperancerando.fr\/index.php?rest_route=%2Fwp%2Fv2%2Fcategories&post=25773"},{"taxonomy":"post_tag","embeddable":true,"href":"https:\/\/esperancerando.fr\/index.php?rest_route=%2Fwp%2Fv2%2Ftags&post=25773"}],"curies":[{"name":"wp","href":"https:\/\/api.w.org\/{rel}","templated":true}]}}